{"id":2550,"date":"2005-08-12T10:10:34","date_gmt":"2005-08-12T09:10:34","guid":{"rendered":"http:\/\/newth.net\/eirik\/?p=2550"},"modified":"2005-08-12T10:10:34","modified_gmt":"2005-08-12T09:10:34","slug":"sa-var-det-pan-igjen","status":"publish","type":"post","link":"https:\/\/www.newth.net\/eirik\/2005\/08\/12\/sa-var-det-pan-igjen\/","title":{"rendered":"S\u00e5 var det p\u00e5&#039;n igjen&#8230;"},"content":{"rendered":"<p>&#8230; med slurvete og sl\u00f8v retorikk fra forfatterorganisasjonenes side. Dagens eksempel er et <a title=\"Kultur i valgkampen? - Dagbladet.no\" href=\"http:\/\/www.dagbladet.no\/kultur\/2005\/08\/12\/439952.html\">Dagblad-innlegg forfattet av Anne Oterholm<\/a>, som blant annet f\u00e5r seg til \u00e5 si f\u00f8lgende om v\u00e5rens bransjeendringer:<\/p>\n<blockquote><p><em>Gjennom ny bransjeavtale og statens inngripen for \u00e5 gj\u00f8re den nye avtalen mer markedstilpasset enn den forrige, overlater beslutningstakerne deler av det som tidligere ble betraktet som landets kulturpolitikk til private akt\u00f8rer.<\/em><\/p><\/blockquote>\n<p>For ordens skyld: den gamle <a href=\"http:\/\/66.102.9.104\/search?q=cache:hDLuJFe11zoJ:www.forleggerforeningen.no\/Pressemeldinger\/Versjon%252011.%2520mars%2520-%2520offentliggjort%25201.%2520april.pdf+bransjeavtalen&#038;hl=en&#038;client=opera\">bransjeavtalen<\/a>, som ble erstattet av den nye <a href=\"http:\/\/66.102.9.104\/search?q=cache:qwWyh9yecoMJ:www.forleggerforeningen.no\/Bokavtale%252010%252011%25202004.doc+bokavtalen&#038;hl=en&#038;client=opera\">bokavtalen<\/a> (den heter alts\u00e5 ikke bransjeavtalen lenger), var en avtale mellom forleggerne og bokhandlerne. Som alts\u00e5 var og er private akt\u00f8rer gode som noen (statens synlige bidrag til avtalen var \u00e5 gi dispensasjon fra Konkurransetilsynets krav om at kartellvirksomheten m\u00e5tte opph\u00f8re). Vil man ha kulturpolitikk inn i valgkampen (og det er ikke meg imot), b\u00f8r argumentene uansett ha et mer solid fundament enn dette:<\/p>\n<blockquote><p><em>To-tre m\u00e5neder etter innf\u00f8ringen av ny bokavtale kan en lese i avisen (Stavanger Aftenblad): \u00abBestselgerne er blitt billigere. Men de andre b\u00f8kene kan fort koste mer, mener Den norske Forleggerforening\u00bb. Kommer den nye bokpolitikkens forkjempere n\u00e5 til \u00e5 si: Men ingen kan vite om dette vil f\u00f8re til lavere salg av de mindre synlige og dyrere b\u00f8kene?<\/em><\/p><\/blockquote>\n<p>Nei, Oterholm. Som tilhenger av den nye bokpolitikken kommer jeg til \u00e5 si: dette sitatet fra Aftenbladet viser verken det ene eller andre. Uttalelsen stammer fra Forleggerforeningen, den akt\u00f8ren som har hatt mest \u00e5 tape p\u00e5 bokavtalen (<a href=\"http:\/\/www.newth.net\/eirik\/archives\/000908.html\">forfatternes \u00f8konomi sikres av det offentlige<\/a>), og selv ikke denne kilden sier mer enn at &#8220;de andre b\u00f8kene kan fort koste mer.&#8221;<br \/>\nOterholms argumentasjon oppsummeres i setningen <em>&#8220;En kulturpolitikk baseres p\u00e5 bevisstheten om at en har et annet samfunnssyn enn Margaret Tatcher.&#8221;<\/em> Joda, Thatchers navn <em>er<\/em> konsekvent feilstavet. <a href=\"http:\/\/www.newth.net\/eirik\/archives\/000797.html\">Ikke at det er noe nytt<\/a> fra Forfatterforeningens side, men dog&#8230; \ud83d\ude09<\/p>\n","protected":false},"excerpt":{"rendered":"<p>&#8230; med slurvete og sl\u00f8v retorikk fra forfatterorganisasjonenes side. Dagens eksempel er et Dagblad-innlegg forfattet av Anne Oterholm, som blant annet f\u00e5r seg til \u00e5 si f\u00f8lgende om v\u00e5rens bransjeendringer: Gjennom ny bransjeavtale og statens inngripen for \u00e5 gj\u00f8re den&#8230; <a class=\"more-link\" href=\"https:\/\/www.newth.net\/eirik\/2005\/08\/12\/sa-var-det-pan-igjen\/\">Continue Reading &rarr;<\/a><\/p>\n","protected":false},"author":1,"featured_media":0,"comment_status":"closed","ping_status":"closed","sticky":false,"template":"","format":"standard","meta":{"_monsterinsights_skip_tracking":false,"_monsterinsights_sitenote_active":false,"_monsterinsights_sitenote_note":"","_monsterinsights_sitenote_category":0,"footnotes":""},"categories":[9],"tags":[],"class_list":["post-2550","post","type-post","status-publish","format-standard","hentry","category-kulturpolitikk"],"_links":{"self":[{"href":"https:\/\/www.newth.net\/eirik\/wp-json\/wp\/v2\/posts\/2550","targetHints":{"allow":["GET"]}}],"collection":[{"href":"https:\/\/www.newth.net\/eirik\/wp-json\/wp\/v2\/posts"}],"about":[{"href":"https:\/\/www.newth.net\/eirik\/wp-json\/wp\/v2\/types\/post"}],"author":[{"embeddable":true,"href":"https:\/\/www.newth.net\/eirik\/wp-json\/wp\/v2\/users\/1"}],"replies":[{"embeddable":true,"href":"https:\/\/www.newth.net\/eirik\/wp-json\/wp\/v2\/comments?post=2550"}],"version-history":[{"count":0,"href":"https:\/\/www.newth.net\/eirik\/wp-json\/wp\/v2\/posts\/2550\/revisions"}],"wp:attachment":[{"href":"https:\/\/www.newth.net\/eirik\/wp-json\/wp\/v2\/media?parent=2550"}],"wp:term":[{"taxonomy":"category","embeddable":true,"href":"https:\/\/www.newth.net\/eirik\/wp-json\/wp\/v2\/categories?post=2550"},{"taxonomy":"post_tag","embeddable":true,"href":"https:\/\/www.newth.net\/eirik\/wp-json\/wp\/v2\/tags?post=2550"}],"curies":[{"name":"wp","href":"https:\/\/api.w.org\/{rel}","templated":true}]}}