{"id":2954,"date":"2006-07-30T11:10:02","date_gmt":"2006-07-30T10:10:02","guid":{"rendered":"http:\/\/newth.net\/eirik\/?p=2954"},"modified":"2006-07-30T11:10:02","modified_gmt":"2006-07-30T10:10:02","slug":"jeg-tok-feil-ser-det-ut-til","status":"publish","type":"post","link":"https:\/\/www.newth.net\/eirik\/2006\/07\/30\/jeg-tok-feil-ser-det-ut-til\/","title":{"rendered":"Jeg tok feil, ser det ut til"},"content":{"rendered":"<p>I likhet med mange andre av dem som synset om krigen i Libanon <a href=\"http:\/\/www.newth.net\/eirik\/archives\/001377.html\">trodde jeg<\/a> styrkeforholdet mellom IDF og Hizbollah var s\u00e5 ujevnt at krigen raskt ville f\u00f8re til en Irak-liknende situasjon. Isteden har <a href=\"http:\/\/www.timesonline.co.uk\/article\/0,,251-2289956,00.html\">IDF trukket seg ut<\/a> av de to landsbyene i S\u00f8r-Libanon som ble inntatt etter harde kamper i forrige uke. Bombingen virker like <a href=\"http:\/\/news.bbc.co.uk\/2\/hi\/middle_east\/5228224.stm\">planl\u00f8st brutal<\/a> og milit\u00e6rt ineffektiv som noensinne: raketter fortsetter \u00e5 hagle over det nordlige Israel, og <a href=\"http:\/\/www.meib.org\/articles\/0402_ld.htm\">Hassan Nasrallah<\/a> varsler at Hizbollah <a href=\"http:\/\/www.timesonline.co.uk\/article\/0,,251-2290538,00.html\">har enda st\u00f8rre raketter p\u00e5 lager<\/a>. Og det er dessverre ingen grunn til \u00e5 tro at ekstremisten som Israel har gjort til et motstandssymbol i Midt\u00f8sten, farer med tomprat. Et tydelig tegn p\u00e5 at Israel forbereder seg p\u00e5 en situasjon verdensopininionen (minus USA, naturligvis) vil oppfatte som et nederlag, er denne uttalelsen fra <a href=\"http:\/\/www.myrtlebeachonline.com\/mld\/myrtlebeachonline\/news\/world\/15154059.htm\">landets utenriksdepartement<\/a>:<\/p>\n<blockquote><p><em>On Saturday, [Israeli Foreign Ministry spokesman Mark] Regev suggested that Israel might agree to a cease-fire before Hezbollah had been disarmed, calling a cease-fire &#8220;a catalyst&#8221; toward disarming Hezbollah.<\/em><\/p><\/blockquote>\n<p>For to uker siden var <a href=\"http:\/\/www.washingtonpost.com\/wp-dyn\/content\/article\/2006\/07\/15\/AR2006071500957.html\">tonen langt mer br\u00e5kjekk<\/a>:<\/p>\n<blockquote><p><em>&#8220;It seems like we will go to the end now,&#8221; said Israeli Ambassador Daniel Ayalon. &#8220;We will not go part way and be held hostage again. We&#8217;ll have to go for the kill &#8212; Hezbollah neutralization.&#8221;<\/em><\/p><\/blockquote>\n","protected":false},"excerpt":{"rendered":"<p>I likhet med mange andre av dem som synset om krigen i Libanon trodde jeg styrkeforholdet mellom IDF og Hizbollah var s\u00e5 ujevnt at krigen raskt ville f\u00f8re til en Irak-liknende situasjon. Isteden har IDF trukket seg ut av de&#8230; <a class=\"more-link\" href=\"https:\/\/www.newth.net\/eirik\/2006\/07\/30\/jeg-tok-feil-ser-det-ut-til\/\">Continue Reading &rarr;<\/a><\/p>\n","protected":false},"author":1,"featured_media":0,"comment_status":"open","ping_status":"closed","sticky":false,"template":"","format":"standard","meta":{"_monsterinsights_skip_tracking":false,"_monsterinsights_sitenote_active":false,"_monsterinsights_sitenote_note":"","_monsterinsights_sitenote_category":0,"footnotes":""},"categories":[29],"tags":[],"class_list":["post-2954","post","type-post","status-publish","format-standard","hentry","category-politikk"],"_links":{"self":[{"href":"https:\/\/www.newth.net\/eirik\/wp-json\/wp\/v2\/posts\/2954","targetHints":{"allow":["GET"]}}],"collection":[{"href":"https:\/\/www.newth.net\/eirik\/wp-json\/wp\/v2\/posts"}],"about":[{"href":"https:\/\/www.newth.net\/eirik\/wp-json\/wp\/v2\/types\/post"}],"author":[{"embeddable":true,"href":"https:\/\/www.newth.net\/eirik\/wp-json\/wp\/v2\/users\/1"}],"replies":[{"embeddable":true,"href":"https:\/\/www.newth.net\/eirik\/wp-json\/wp\/v2\/comments?post=2954"}],"version-history":[{"count":0,"href":"https:\/\/www.newth.net\/eirik\/wp-json\/wp\/v2\/posts\/2954\/revisions"}],"wp:attachment":[{"href":"https:\/\/www.newth.net\/eirik\/wp-json\/wp\/v2\/media?parent=2954"}],"wp:term":[{"taxonomy":"category","embeddable":true,"href":"https:\/\/www.newth.net\/eirik\/wp-json\/wp\/v2\/categories?post=2954"},{"taxonomy":"post_tag","embeddable":true,"href":"https:\/\/www.newth.net\/eirik\/wp-json\/wp\/v2\/tags?post=2954"}],"curies":[{"name":"wp","href":"https:\/\/api.w.org\/{rel}","templated":true}]}}