{"id":3908,"date":"2008-08-22T09:30:11","date_gmt":"2008-08-22T07:30:11","guid":{"rendered":"http:\/\/newth.net\/eirik\/?p=3908"},"modified":"2008-08-22T09:30:11","modified_gmt":"2008-08-22T07:30:11","slug":"elefanten-i-rommet","status":"publish","type":"post","link":"https:\/\/www.newth.net\/eirik\/2008\/08\/22\/elefanten-i-rommet\/","title":{"rendered":"Elefanten i rommet"},"content":{"rendered":"<p>NRK <a href=\"http:\/\/www.nrk.no\/nyheter\/kultur\/1.6187614\">skriver om aldersmerking<\/a> av barne- og ungdomsb\u00f8ker, et tema som har vakt strid innen- og <a href=\"http:\/\/www.guardian.co.uk\/books\/2008\/may\/30\/news.culture\">utenlands<\/a> i \u00e5revis. Jeg kan selv huske hvor negativt jeg reagerte p\u00e5 Gyldendals <a href=\"http:\/\/www.gyldendal.no\/new\/default.asp?ID_Publisher=20&amp;ID_Collection=135A8ADD56FC9054C125689E004CE7F7\">10:12-konsept<\/a> da det ble lansert i sin tid. Hvor mye av et disincentiv for lesing det er \u00e5 ha \u00e5rstall p\u00e5 utsiden av en bok, er imidlertid \u00e5pent for diskusjon. Typisk nok emnet f\u00e5r Aftenposten ingen konkrete tall av sine intervjuobjekter, og det er heller ingen som p\u00e5peker det \u00e5penbare: om det er slik at eldre lesere kan miste lysten til lese en bok som er merket for en yngre aldersgruppe, kan det ogs\u00e5 tenkes at yngre lesere blir fristet av aldersmerkingen for en eldre gruppe.<br \/>\nOg det som absolutt ikke ber\u00f8res, er hovedbegrunnelsen for aldersmerking: \u00e5 gj\u00f8re hverdagen litt lettere for dem som kj\u00f8per b\u00f8ker n\u00e5r de er i bokhandelen. Og det er alts\u00e5 <em>ikke<\/em> barn og unge selv, som har langt mer spennende ting \u00e5 bruke sine surt oppsparte p\u00e5. Barnebokbransjen selger sine produkter til besteforeldre, foreldre og andre n\u00e6re voksenslektninger, som haster gjennom bokhandelen p\u00e5 jakt etter en gave som passer poden. N\u00e5r det ikke er journalister og lesestimulerere i n\u00e6rheten, vil forlagsfolk og bokhandlere uten videre innr\u00f8mme at aldersmerking kan drive boksalg.<\/p>\n","protected":false},"excerpt":{"rendered":"<p>NRK skriver om aldersmerking av barne- og ungdomsb\u00f8ker, et tema som har vakt strid innen- og utenlands i \u00e5revis. Jeg kan selv huske hvor negativt jeg reagerte p\u00e5 Gyldendals 10:12-konsept da det ble lansert i sin tid. Hvor mye av&#8230; <a class=\"more-link\" href=\"https:\/\/www.newth.net\/eirik\/2008\/08\/22\/elefanten-i-rommet\/\">Continue Reading &rarr;<\/a><\/p>\n","protected":false},"author":1,"featured_media":0,"comment_status":"open","ping_status":"open","sticky":false,"template":"","format":"standard","meta":{"_monsterinsights_skip_tracking":false,"_monsterinsights_sitenote_active":false,"_monsterinsights_sitenote_note":"","_monsterinsights_sitenote_category":0,"footnotes":""},"categories":[95,11],"tags":[],"class_list":["post-3908","post","type-post","status-publish","format-standard","hentry","category-bker","category-litteratur"],"_links":{"self":[{"href":"https:\/\/www.newth.net\/eirik\/wp-json\/wp\/v2\/posts\/3908","targetHints":{"allow":["GET"]}}],"collection":[{"href":"https:\/\/www.newth.net\/eirik\/wp-json\/wp\/v2\/posts"}],"about":[{"href":"https:\/\/www.newth.net\/eirik\/wp-json\/wp\/v2\/types\/post"}],"author":[{"embeddable":true,"href":"https:\/\/www.newth.net\/eirik\/wp-json\/wp\/v2\/users\/1"}],"replies":[{"embeddable":true,"href":"https:\/\/www.newth.net\/eirik\/wp-json\/wp\/v2\/comments?post=3908"}],"version-history":[{"count":0,"href":"https:\/\/www.newth.net\/eirik\/wp-json\/wp\/v2\/posts\/3908\/revisions"}],"wp:attachment":[{"href":"https:\/\/www.newth.net\/eirik\/wp-json\/wp\/v2\/media?parent=3908"}],"wp:term":[{"taxonomy":"category","embeddable":true,"href":"https:\/\/www.newth.net\/eirik\/wp-json\/wp\/v2\/categories?post=3908"},{"taxonomy":"post_tag","embeddable":true,"href":"https:\/\/www.newth.net\/eirik\/wp-json\/wp\/v2\/tags?post=3908"}],"curies":[{"name":"wp","href":"https:\/\/api.w.org\/{rel}","templated":true}]}}