{"id":5496,"date":"2009-03-06T10:29:23","date_gmt":"2009-03-06T08:29:23","guid":{"rendered":"http:\/\/newth.net\/eirik\/?p=5496"},"modified":"2009-03-06T10:29:23","modified_gmt":"2009-03-06T08:29:23","slug":"amnesty-blogg","status":"publish","type":"post","link":"https:\/\/www.newth.net\/eirik\/2009\/03\/06\/amnesty-blogg\/","title":{"rendered":"Den 12. mars blogger jeg om ytringsfrihet &#8211; gj\u00f8r du?"},"content":{"rendered":"<p>Forleden fikk jeg f\u00f8lgende oppfordring fra den norske avdelingen av <a href=\"http:\/\/amnesty.no\/web.nsf\/pages\/index\">Amnesty International<\/a>:<br \/>\n<em>12. mars er den internasjonale aksjonsdagen for ytringsfrihet p\u00e5 nett. Vi i Amnesty har n\u00e5 en kampanje som ang\u00e5r alle som blogger i Norge. M\u00e5let med kampanjen er todelt: \u00e5 spre informasjon om internettsensur og ytringsfrihet p\u00e5 nett, og \u00e5 samle underskrifter for \u00e5 hjelpe fire aktivister som er blitt fengslet for \u00e5 ha spredd informasjon over nett.\u00a0 Vi h\u00e5per at du vil st\u00f8tte kampanjen ved \u00e5 gj\u00f8re noe eller alt av dette:<br \/>\n<\/em><\/p>\n<ol>\n<li><em>Skrive om ytringsfrihet og internettsensur 12. mars. Vi \u00f8nsker \u00e5 f\u00e5 til en bloggkampanje al\u00e0 Blog Action Day (se: <a href=\"http:\/\/site.blogactionday.org\/\">site.blogactionday.org<\/a>). Innholdet bestemmer du selv. Det kan v\u00e6re en oppfordring til \u00e5 delta p\u00e5 underskriftskampanjen, en tekst om nettsensur eller noen helt annet som har med temaet \u00e5 gj\u00f8re. Det viktige er at flest mulig deltar. <\/em><\/li>\n<li><em>Legge ut bannere p\u00e5 bloggen din. Du finner bannere her: <a href=\"http:\/\/ytringsfrihet.amnesty.no\/lastned\">ytringsfrihet.amnesty.no\/lastned<\/a> (under gif-formater finner dere sm\u00e5 versjoner av annonsene, se for eksempel Facebookstempel). <\/em><\/li>\n<li><em>Oppfordre andre bloggere til \u00e5 spre kampanjen. <\/em><\/li>\n<\/ol>\n<p><em><br \/>\nDet er f\u00f8rste gang vi jobber s\u00e5 aktivt p\u00e5 nett. Vi tar gjerne i mot innspill til hvordan vi kan n\u00e5 ut til flere gjennom internett.\u00a0 Du finner mer informasjon om temaet p\u00e5 disse sidene:\u00a0 <a href=\"http:\/\/ytringsfrihet.amnesty.no\">ytringsfrihet.amnesty.no<\/a>, <a href=\"http:\/\/irrepressible.info \">irrepressible.info <\/a><\/em><br \/>\nDette skal jeg selvsagt gj\u00f8re, og jeg oppfordrer alle mine medbloggere til \u00e5 gj\u00f8re det samme. Jeg har allerede bestemt meg for hva jeg skal skrive om &#8211; hva med deg? \ud83d\ude42<\/p>\n","protected":false},"excerpt":{"rendered":"<p>Forleden fikk jeg f\u00f8lgende oppfordring fra den norske avdelingen av Amnesty International: 12. mars er den internasjonale aksjonsdagen for ytringsfrihet p\u00e5 nett. Vi i Amnesty har n\u00e5 en kampanje som ang\u00e5r alle som blogger i Norge. M\u00e5let med kampanjen er&#8230; <a class=\"more-link\" href=\"https:\/\/www.newth.net\/eirik\/2009\/03\/06\/amnesty-blogg\/\">Continue Reading &rarr;<\/a><\/p>\n","protected":false},"author":1,"featured_media":0,"comment_status":"open","ping_status":"open","sticky":false,"template":"","format":"standard","meta":{"_monsterinsights_skip_tracking":false,"_monsterinsights_sitenote_active":false,"_monsterinsights_sitenote_note":"","_monsterinsights_sitenote_category":0,"footnotes":""},"categories":[145,29],"tags":[],"class_list":["post-5496","post","type-post","status-publish","format-standard","hentry","category-nettkultur","category-politikk"],"_links":{"self":[{"href":"https:\/\/www.newth.net\/eirik\/wp-json\/wp\/v2\/posts\/5496","targetHints":{"allow":["GET"]}}],"collection":[{"href":"https:\/\/www.newth.net\/eirik\/wp-json\/wp\/v2\/posts"}],"about":[{"href":"https:\/\/www.newth.net\/eirik\/wp-json\/wp\/v2\/types\/post"}],"author":[{"embeddable":true,"href":"https:\/\/www.newth.net\/eirik\/wp-json\/wp\/v2\/users\/1"}],"replies":[{"embeddable":true,"href":"https:\/\/www.newth.net\/eirik\/wp-json\/wp\/v2\/comments?post=5496"}],"version-history":[{"count":0,"href":"https:\/\/www.newth.net\/eirik\/wp-json\/wp\/v2\/posts\/5496\/revisions"}],"wp:attachment":[{"href":"https:\/\/www.newth.net\/eirik\/wp-json\/wp\/v2\/media?parent=5496"}],"wp:term":[{"taxonomy":"category","embeddable":true,"href":"https:\/\/www.newth.net\/eirik\/wp-json\/wp\/v2\/categories?post=5496"},{"taxonomy":"post_tag","embeddable":true,"href":"https:\/\/www.newth.net\/eirik\/wp-json\/wp\/v2\/tags?post=5496"}],"curies":[{"name":"wp","href":"https:\/\/api.w.org\/{rel}","templated":true}]}}